{"id":1311,"date":"2022-07-01T09:34:29","date_gmt":"2022-07-01T08:34:29","guid":{"rendered":"http:\/\/www.pommerbachschule.de\/?p=1311"},"modified":"2022-07-04T11:24:33","modified_gmt":"2022-07-04T10:24:33","slug":"feierliche-entlassung-an-der-pommerbachschule-in-kaisersesch","status":"publish","type":"post","link":"http:\/\/www.pommerbachschule.de\/?p=1311","title":{"rendered":"Feierliche Entlassung in Kaisersesch"},"content":{"rendered":"<p><a href=\"http:\/\/wordpress.pommerbachschule.de\/wp-content\/uploads\/2022\/07\/IMG_1625-scaled.jpg\"><img loading=\"lazy\" class=\"alignnone size-medium wp-image-1316\" src=\"http:\/\/wordpress.pommerbachschule.de\/wp-content\/uploads\/2022\/07\/IMG_1625-300x225.jpg\" alt=\"\" width=\"300\" height=\"225\" srcset=\"http:\/\/wordpress.pommerbachschule.de\/wp-content\/uploads\/2022\/07\/IMG_1625-300x225.jpg 300w, http:\/\/wordpress.pommerbachschule.de\/wp-content\/uploads\/2022\/07\/IMG_1625-1024x768.jpg 1024w, http:\/\/wordpress.pommerbachschule.de\/wp-content\/uploads\/2022\/07\/IMG_1625-768x576.jpg 768w, http:\/\/wordpress.pommerbachschule.de\/wp-content\/uploads\/2022\/07\/IMG_1625-1536x1152.jpg 1536w, http:\/\/wordpress.pommerbachschule.de\/wp-content\/uploads\/2022\/07\/IMG_1625-2048x1536.jpg 2048w, http:\/\/wordpress.pommerbachschule.de\/wp-content\/uploads\/2022\/07\/IMG_1625-190x143.jpg 190w, http:\/\/wordpress.pommerbachschule.de\/wp-content\/uploads\/2022\/07\/IMG_1625-60x45.jpg 60w, http:\/\/wordpress.pommerbachschule.de\/wp-content\/uploads\/2022\/07\/IMG_1625-400x300.jpg 400w\" sizes=\"(max-width: 300px) 100vw, 300px\" \/><\/a><\/p>\n<p>Am 24. Juni 2022 wurden die Abschlussklassen 9 und 10 in einer kleinen Feierstunde verabschiedet. 12 Sch\u00fcler wurden mit der Berufsreife entlassen. 9 Entlasssch\u00fcler erhielten den Abschluss der \u201ebesonderen Berufsreife\u201c und werden im n\u00e4chsten Schuljahr die 10. Klasse besuchen, um ebenfalls auch die \u201eBerufsreife\u201c zu erlangen.<\/p>\n<p>Gemeinsam mit den Abschlusssch\u00fclern, Lehrern und Familien wurde die gemeinsame Zeit an der Pommerbachschule mit einer stimmungsvollen Feier beendet. Nachdem der Schulleiter, Herr Guckenbiehl, die Feier er\u00f6ffnet hatte, trugen die Abschlussklassen mit gelungenen Sketchen zu der Feier bei. Die beiden Klassenlehrer, Frau Stockel und Herr Piroth, lobten die tollen Klassengemeinschaften und \u00fcberreichten mit Wehmut ihren Sch\u00fclern die Abschlusszeugnisse. Dabei betonten sie, dass ihnen der Unterricht mit den Sch\u00fclern viel Spa\u00df gemacht habe.<\/p>\n<p>Anschlie\u00dfend schickten die Entlasssch\u00fcler ihre W\u00fcnsche mit bunten Luftballons auf die Reise.<\/p>\n<p>Die gesamte Schulgemeinschaft der Pommerbachschule w\u00fcnscht den Abschlusssch\u00fclern einen guten Start in die weitere schulische und berufliche Ausbildung!<\/p>\n","protected":false},"excerpt":{"rendered":"<a href=\"http:\/\/www.pommerbachschule.de\/?p=1311\" style=\"background-image: url(http:\/\/wordpress.pommerbachschule.de\/wp-content\/uploads\/2022\/07\/IMG_1625-300x225.jpg);\" class=\"thumb_crop\">http:\/\/wordpress.pommerbachschule.de\/wp-content\/uploads\/2022\/07\/IMG_1625-300x225.jpg<\/a><p>Am 24. Juni 2022 wurden die Abschlussklassen 9 und 10 in einer kleinen Feierstunde verabschiedet. 12 Sch\u00fcler wurden mit der Berufsreife entlassen. 9 Entlasssch\u00fcler erhielten den Abschluss der \u201ebesonderen Berufsreife\u201c und werden im n\u00e4chsten Schuljahr die 10. Klasse besuchen, um &hellip;<\/p>\n<div class=\"read_more\"><a href=\"http:\/\/www.pommerbachschule.de\/?p=1311\">read more<\/a><\/div>\n","protected":false},"author":3,"featured_media":0,"comment_status":"closed","ping_status":"closed","sticky":false,"template":"","format":"standard","meta":[],"categories":[1],"tags":[],"_links":{"self":[{"href":"http:\/\/www.pommerbachschule.de\/index.php?rest_route=\/wp\/v2\/posts\/1311"}],"collection":[{"href":"http:\/\/www.pommerbachschule.de\/index.php?rest_route=\/wp\/v2\/posts"}],"about":[{"href":"http:\/\/www.pommerbachschule.de\/index.php?rest_route=\/wp\/v2\/types\/post"}],"author":[{"embeddable":true,"href":"http:\/\/www.pommerbachschule.de\/index.php?rest_route=\/wp\/v2\/users\/3"}],"replies":[{"embeddable":true,"href":"http:\/\/www.pommerbachschule.de\/index.php?rest_route=%2Fwp%2Fv2%2Fcomments&post=1311"}],"version-history":[{"count":3,"href":"http:\/\/www.pommerbachschule.de\/index.php?rest_route=\/wp\/v2\/posts\/1311\/revisions"}],"predecessor-version":[{"id":1320,"href":"http:\/\/www.pommerbachschule.de\/index.php?rest_route=\/wp\/v2\/posts\/1311\/revisions\/1320"}],"wp:attachment":[{"href":"http:\/\/www.pommerbachschule.de\/index.php?rest_route=%2Fwp%2Fv2%2Fmedia&parent=1311"}],"wp:term":[{"taxonomy":"category","embeddable":true,"href":"http:\/\/www.pommerbachschule.de\/index.php?rest_route=%2Fwp%2Fv2%2Fcategories&post=1311"},{"taxonomy":"post_tag","embeddable":true,"href":"http:\/\/www.pommerbachschule.de\/index.php?rest_route=%2Fwp%2Fv2%2Ftags&post=1311"}],"curies":[{"name":"wp","href":"https:\/\/api.w.org\/{rel}","templated":true}]}}