{"id":1446,"date":"2023-07-03T13:09:30","date_gmt":"2023-07-03T12:09:30","guid":{"rendered":"http:\/\/www.pommerbachschule.de\/?p=1446"},"modified":"2023-07-03T13:09:30","modified_gmt":"2023-07-03T12:09:30","slug":"schulentlassung-an-der-pommerbachschule","status":"publish","type":"post","link":"http:\/\/www.pommerbachschule.de\/?p=1446","title":{"rendered":"Schulentlassung an der Pommerbachschule"},"content":{"rendered":"<p><img loading=\"lazy\" class=\"alignnone size-medium wp-image-1445\" src=\"http:\/\/wordpress.pommerbachschule.de\/wp-content\/uploads\/2023\/07\/Zukunft-Schule-300x225.jpg\" alt=\"\" width=\"300\" height=\"225\" srcset=\"http:\/\/wordpress.pommerbachschule.de\/wp-content\/uploads\/2023\/07\/Zukunft-Schule-300x225.jpg 300w, http:\/\/wordpress.pommerbachschule.de\/wp-content\/uploads\/2023\/07\/Zukunft-Schule-1024x768.jpg 1024w, http:\/\/wordpress.pommerbachschule.de\/wp-content\/uploads\/2023\/07\/Zukunft-Schule-768x576.jpg 768w, http:\/\/wordpress.pommerbachschule.de\/wp-content\/uploads\/2023\/07\/Zukunft-Schule-1536x1152.jpg 1536w, http:\/\/wordpress.pommerbachschule.de\/wp-content\/uploads\/2023\/07\/Zukunft-Schule-2048x1536.jpg 2048w, http:\/\/wordpress.pommerbachschule.de\/wp-content\/uploads\/2023\/07\/Zukunft-Schule-190x143.jpg 190w, http:\/\/wordpress.pommerbachschule.de\/wp-content\/uploads\/2023\/07\/Zukunft-Schule-60x45.jpg 60w, http:\/\/wordpress.pommerbachschule.de\/wp-content\/uploads\/2023\/07\/Zukunft-Schule-400x300.jpg 400w\" sizes=\"(max-width: 300px) 100vw, 300px\" \/><\/p>\n<p>Nach den vergangenen in sehr kleinem Kreis begangenen Feierstunden fand nun an der Pommerbachschule Kaisersesch zum ersten Mal wieder eine Feier zum Schulabschluss in gro\u00dfem Rahmen statt.<\/p>\n<p>An der Feier nahm nicht nur die Schulgemeinschaft teil, es fanden sich auch zahlreiche G\u00e4ste, Eltern, Geschwister, Freunde und Verwandte der Absolventen, ein. Das Programm war abwechslungsreich und sehr unterhaltsam.<\/p>\n<p>Nach dem Er\u00f6ffnungslied \u201eHeute hier, morgen dort\u201c begr\u00fc\u00dfte der Schulleiter, Christoph Guckenbiehl, die Zuh\u00f6rerschaft und f\u00fchrte anschlie\u00dfend durch das Programm. Die J\u00fcngsten schenkten den Absolventen musikalisch \u201eeinen Regenbogen\u201c sowie einen selbst gebastelten, an jeden pers\u00f6nlich gerichteten Blumengru\u00df. Der folgende \u201eCup-Song\u201c der mittleren Klassenstufen heizte rhythmisch ein und war f\u00fcr die Sch\u00fcler eine gro\u00dfe Konzentrationsleistung, die sie sehr gut meisterten. Zwei Sch\u00fcler wagten sich an gesangliche Solo-Einlagen, die trotz gro\u00dfen Lampenfiebers vom ersten bis zum letzten Ton prima gerieten. Bei dem Pendant zu \u201eSchlag den Raab\u201c konnten die Sch\u00fcler der Klasse zehn ihren Klassenleiter mit einer Spielfolge auf Augenh\u00f6he und f\u00fcr die Zuschauer auf sehr kurzweilige Weise schlie\u00dflich schlagen.<\/p>\n<p>Ein besonderer Moment war das von der Klasse zehn selbst geschriebene und gesungene \u201eAbschlusslied\u201c, das als R\u00fcckblick auf viele sch\u00f6ne Ereignisse diente und die Erinnerungen daran noch l\u00e4nger wachhalten d\u00fcrfte.<\/p>\n<p>Nach dem H\u00f6hepunkt der Feier, der Zeugnis\u00fcbergabe, wurde aus den Reihen der Absolventen eine charmante, humorvolle und sehr gelungene Abschlussrede gehalten, die neben Danksagungen auch manchen Inhalt mit Augenzwinkern bot.<\/p>\n<p>Nach dem abschlie\u00dfenden Liedbeitrag \u201eKomet\u201c, den die Klassen neun und zehn gemeinsam darboten, klang der abwechslungsreiche, wie im Flug vergangene Vormittag bei B\u00fcffet und gem\u00fctlichem Beisammensein aus.<\/p>\n<p>Bei einer Menge pers\u00f6nlicher Verabschiedungen gab es viele Umarmungen und so manche Tr\u00e4ne floss, denn neben aller Freude schwang auch eine geh\u00f6rige Portion Abschiedsschmerz und Wehmut mit.<\/p>\n<p>Grund zur Freude hatten die 25 Absolventen jedoch trotzdem und sie k\u00f6nnen stolz auf das Erreichte sein, sich dabei zugleich auf ihre pers\u00f6nliche Zukunft freuen. Ein Teil der ehemaligen Neuntkl\u00e4ssler wird das freiwillige zehnte Schuljahr zur Erlangung der Berufsreife angehen, zwei werden ein Berufsvorbereitungsjahr absolvieren und ein Sch\u00fcler hat bereits eine Ausbildungsstelle gefunden. Alle anwesenden ehemaligen Zehntkl\u00e4ssler haben die Berufsreife erreicht. Mindestens acht von ihnen haben einen Ausbildungsvertrag, zwei werden die Berufsfachschule besuchen.<\/p>\n","protected":false},"excerpt":{"rendered":"<a href=\"http:\/\/www.pommerbachschule.de\/?p=1446\" style=\"background-image: url(http:\/\/wordpress.pommerbachschule.de\/wp-content\/uploads\/2023\/07\/Zukunft-Schule-300x225.jpg);\" class=\"thumb_crop\">http:\/\/wordpress.pommerbachschule.de\/wp-content\/uploads\/2023\/07\/Zukunft-Schule-300x225.jpg<\/a><p>Nach den vergangenen in sehr kleinem Kreis begangenen Feierstunden fand nun an der Pommerbachschule Kaisersesch zum ersten Mal wieder eine Feier zum Schulabschluss in gro\u00dfem Rahmen statt. An der Feier nahm nicht nur die Schulgemeinschaft teil, es fanden sich auch &hellip;<\/p>\n<div class=\"read_more\"><a href=\"http:\/\/www.pommerbachschule.de\/?p=1446\">read more<\/a><\/div>\n","protected":false},"author":3,"featured_media":0,"comment_status":"closed","ping_status":"closed","sticky":false,"template":"","format":"standard","meta":[],"categories":[1],"tags":[],"_links":{"self":[{"href":"http:\/\/www.pommerbachschule.de\/index.php?rest_route=\/wp\/v2\/posts\/1446"}],"collection":[{"href":"http:\/\/www.pommerbachschule.de\/index.php?rest_route=\/wp\/v2\/posts"}],"about":[{"href":"http:\/\/www.pommerbachschule.de\/index.php?rest_route=\/wp\/v2\/types\/post"}],"author":[{"embeddable":true,"href":"http:\/\/www.pommerbachschule.de\/index.php?rest_route=\/wp\/v2\/users\/3"}],"replies":[{"embeddable":true,"href":"http:\/\/www.pommerbachschule.de\/index.php?rest_route=%2Fwp%2Fv2%2Fcomments&post=1446"}],"version-history":[{"count":1,"href":"http:\/\/www.pommerbachschule.de\/index.php?rest_route=\/wp\/v2\/posts\/1446\/revisions"}],"predecessor-version":[{"id":1447,"href":"http:\/\/www.pommerbachschule.de\/index.php?rest_route=\/wp\/v2\/posts\/1446\/revisions\/1447"}],"wp:attachment":[{"href":"http:\/\/www.pommerbachschule.de\/index.php?rest_route=%2Fwp%2Fv2%2Fmedia&parent=1446"}],"wp:term":[{"taxonomy":"category","embeddable":true,"href":"http:\/\/www.pommerbachschule.de\/index.php?rest_route=%2Fwp%2Fv2%2Fcategories&post=1446"},{"taxonomy":"post_tag","embeddable":true,"href":"http:\/\/www.pommerbachschule.de\/index.php?rest_route=%2Fwp%2Fv2%2Ftags&post=1446"}],"curies":[{"name":"wp","href":"https:\/\/api.w.org\/{rel}","templated":true}]}}