{"id":1551,"date":"2025-02-06T14:34:29","date_gmt":"2025-02-06T13:34:29","guid":{"rendered":"http:\/\/www.pommerbachschule.de\/?p=1551"},"modified":"2025-02-06T14:34:54","modified_gmt":"2025-02-06T13:34:54","slug":"deckelprojekt-in-blankenrath","status":"publish","type":"post","link":"http:\/\/www.pommerbachschule.de\/?p=1551","title":{"rendered":"Deckelprojekt in Blankenrath"},"content":{"rendered":"<p>Die Sch\u00fcler\/innen aus Blankenrath sammelten \u00fcber Wochen und Monate viele bunte Deckel und gestalteten daraus ein wundersch\u00f6nes Gem\u00e4lde.<\/p>\n<p>Die Vorlage dazu war ein Bild einer Sch\u00fclerin, welches zuvor durch eine Wahl abgestimmt wurde.<\/p>\n<p>Alle freuen sich \u00fcber die neue Wandgestaltung!<img loading=\"lazy\" class=\"alignnone size-medium wp-image-1552\" src=\"http:\/\/wordpress.pommerbachschule.de\/wp-content\/uploads\/2025\/02\/20250206_122745-300x225.jpg\" alt=\"\" width=\"300\" height=\"225\" srcset=\"http:\/\/wordpress.pommerbachschule.de\/wp-content\/uploads\/2025\/02\/20250206_122745-300x225.jpg 300w, http:\/\/wordpress.pommerbachschule.de\/wp-content\/uploads\/2025\/02\/20250206_122745-1024x768.jpg 1024w, http:\/\/wordpress.pommerbachschule.de\/wp-content\/uploads\/2025\/02\/20250206_122745-768x576.jpg 768w, http:\/\/wordpress.pommerbachschule.de\/wp-content\/uploads\/2025\/02\/20250206_122745-1536x1152.jpg 1536w, http:\/\/wordpress.pommerbachschule.de\/wp-content\/uploads\/2025\/02\/20250206_122745-2048x1536.jpg 2048w, http:\/\/wordpress.pommerbachschule.de\/wp-content\/uploads\/2025\/02\/20250206_122745-190x143.jpg 190w, http:\/\/wordpress.pommerbachschule.de\/wp-content\/uploads\/2025\/02\/20250206_122745-60x45.jpg 60w, http:\/\/wordpress.pommerbachschule.de\/wp-content\/uploads\/2025\/02\/20250206_122745-400x300.jpg 400w\" sizes=\"(max-width: 300px) 100vw, 300px\" \/><\/p>\n","protected":false},"excerpt":{"rendered":"<a href=\"http:\/\/www.pommerbachschule.de\/?p=1551\" style=\"background-image: url(http:\/\/wordpress.pommerbachschule.de\/wp-content\/uploads\/2025\/02\/20250206_122745-300x225.jpg);\" class=\"thumb_crop\">http:\/\/wordpress.pommerbachschule.de\/wp-content\/uploads\/2025\/02\/20250206_122745-300x225.jpg<\/a><p>Die Sch\u00fcler\/innen aus Blankenrath sammelten \u00fcber Wochen und Monate viele bunte Deckel und gestalteten daraus ein wundersch\u00f6nes Gem\u00e4lde. Die Vorlage dazu war ein Bild einer Sch\u00fclerin, welches zuvor durch eine Wahl abgestimmt wurde. Alle freuen sich \u00fcber die neue Wandgestaltung!<\/p>\n","protected":false},"author":3,"featured_media":0,"comment_status":"closed","ping_status":"closed","sticky":false,"template":"","format":"standard","meta":[],"categories":[6,1],"tags":[],"_links":{"self":[{"href":"http:\/\/www.pommerbachschule.de\/index.php?rest_route=\/wp\/v2\/posts\/1551"}],"collection":[{"href":"http:\/\/www.pommerbachschule.de\/index.php?rest_route=\/wp\/v2\/posts"}],"about":[{"href":"http:\/\/www.pommerbachschule.de\/index.php?rest_route=\/wp\/v2\/types\/post"}],"author":[{"embeddable":true,"href":"http:\/\/www.pommerbachschule.de\/index.php?rest_route=\/wp\/v2\/users\/3"}],"replies":[{"embeddable":true,"href":"http:\/\/www.pommerbachschule.de\/index.php?rest_route=%2Fwp%2Fv2%2Fcomments&post=1551"}],"version-history":[{"count":1,"href":"http:\/\/www.pommerbachschule.de\/index.php?rest_route=\/wp\/v2\/posts\/1551\/revisions"}],"predecessor-version":[{"id":1553,"href":"http:\/\/www.pommerbachschule.de\/index.php?rest_route=\/wp\/v2\/posts\/1551\/revisions\/1553"}],"wp:attachment":[{"href":"http:\/\/www.pommerbachschule.de\/index.php?rest_route=%2Fwp%2Fv2%2Fmedia&parent=1551"}],"wp:term":[{"taxonomy":"category","embeddable":true,"href":"http:\/\/www.pommerbachschule.de\/index.php?rest_route=%2Fwp%2Fv2%2Fcategories&post=1551"},{"taxonomy":"post_tag","embeddable":true,"href":"http:\/\/www.pommerbachschule.de\/index.php?rest_route=%2Fwp%2Fv2%2Ftags&post=1551"}],"curies":[{"name":"wp","href":"https:\/\/api.w.org\/{rel}","templated":true}]}}